{"id":754,"date":"2023-05-03T15:37:43","date_gmt":"2023-05-03T15:37:43","guid":{"rendered":"https:\/\/grupoviamar.com\/\/noticias\/?p=754"},"modified":"2023-05-09T15:22:46","modified_gmt":"2023-05-09T15:22:46","slug":"mazda-dominicana-recibe-volume-increase-award-en-japon","status":"publish","type":"post","link":"https:\/\/grupoviamar.com\/\/noticias\/mazda-dominicana-recibe-volume-increase-award-en-japon\/","title":{"rendered":"Mazda Dominicana recibe Volume Increase Award en Jap\u00f3n"},"content":{"rendered":"\n<p>A los reconocimientos obtenidos por Grupo Viamar en los \u00faltimos a\u00f1os, se sum\u00f3 el \u201cVolume Increase Award\u201d otorgado por la casa central de Mazda en Jap\u00f3n. Este premio se entrega a aquel distribuidor que haya crecido m\u00e1s en volumen de venta de unidades en su regi\u00f3n, y haya tenido el mejor performance en modelos y grados.<\/p>\n\n\n\n<p>Este galard\u00f3n es un reconocimiento al incansable esfuerzo en la comercializaci\u00f3n de los veh\u00edculos Mazda en Rep\u00fablica Dominicana y se da dentro del Mazda Distributor Commendation Program 2022. Celebrado en la ciudad de Hiroshima en el evento MIRAI 2030 (Mirando al Futuro).<\/p>\n\n\n\n<p>Desde Mazda Jap\u00f3n expresaron que este logro los llena de orgullo y demuestra la creciente preferencia de los dominicanos por veh\u00edculos con calidad, dise\u00f1o y seguridad, as\u00ed como por el respaldo que brinda Mazda Dominicana a trav\u00e9s de Grupo Viamar, en Rep\u00fablica Dominicana al pa\u00eds desde hace casi 60 a\u00f1os.<\/p>\n\n\n\n<figure class=\"wp-block-image size-large\"><img loading=\"lazy\" decoding=\"async\" width=\"768\" height=\"1024\" src=\"https:\/\/grupoviamar.com\/\/noticias\/wp-content\/uploads\/2023\/05\/Foto-Grupal-con-el-CEO-de-MAZDA-entrante-en-junio-2023-Sr.Moro-Masahiro-768x1024.jpg\" alt=\"\" class=\"wp-image-757\" srcset=\"https:\/\/grupoviamar.com\/\/noticias\/wp-content\/uploads\/2023\/05\/Foto-Grupal-con-el-CEO-de-MAZDA-entrante-en-junio-2023-Sr.Moro-Masahiro-768x1024.jpg 768w, https:\/\/grupoviamar.com\/\/noticias\/wp-content\/uploads\/2023\/05\/Foto-Grupal-con-el-CEO-de-MAZDA-entrante-en-junio-2023-Sr.Moro-Masahiro-225x300.jpg 225w, https:\/\/grupoviamar.com\/\/noticias\/wp-content\/uploads\/2023\/05\/Foto-Grupal-con-el-CEO-de-MAZDA-entrante-en-junio-2023-Sr.Moro-Masahiro-1152x1536.jpg 1152w, https:\/\/grupoviamar.com\/\/noticias\/wp-content\/uploads\/2023\/05\/Foto-Grupal-con-el-CEO-de-MAZDA-entrante-en-junio-2023-Sr.Moro-Masahiro.jpg 1200w\" sizes=\"auto, (max-width: 768px) 100vw, 768px\" \/><\/figure>\n","protected":false},"excerpt":{"rendered":"<p>Mazda Dominicana suma un nuevo reconocimiento de Mazda Jap\u00f3n para Grupo Viamar.<\/p>\n","protected":false},"author":7,"featured_media":765,"comment_status":"open","ping_status":"open","sticky":false,"template":"","format":"standard","meta":{"footnotes":""},"categories":[23],"tags":[],"marca":[3],"class_list":["post-754","post","type-post","status-publish","format-standard","has-post-thumbnail","hentry","category-grupo-viamar","marca-mazda"],"acf":[],"_links":{"self":[{"href":"https:\/\/grupoviamar.com\/\/noticias\/wp-json\/wp\/v2\/posts\/754","targetHints":{"allow":["GET"]}}],"collection":[{"href":"https:\/\/grupoviamar.com\/\/noticias\/wp-json\/wp\/v2\/posts"}],"about":[{"href":"https:\/\/grupoviamar.com\/\/noticias\/wp-json\/wp\/v2\/types\/post"}],"author":[{"embeddable":true,"href":"https:\/\/grupoviamar.com\/\/noticias\/wp-json\/wp\/v2\/users\/7"}],"replies":[{"embeddable":true,"href":"https:\/\/grupoviamar.com\/\/noticias\/wp-json\/wp\/v2\/comments?post=754"}],"version-history":[{"count":6,"href":"https:\/\/grupoviamar.com\/\/noticias\/wp-json\/wp\/v2\/posts\/754\/revisions"}],"predecessor-version":[{"id":770,"href":"https:\/\/grupoviamar.com\/\/noticias\/wp-json\/wp\/v2\/posts\/754\/revisions\/770"}],"wp:featuredmedia":[{"embeddable":true,"href":"https:\/\/grupoviamar.com\/\/noticias\/wp-json\/wp\/v2\/media\/765"}],"wp:attachment":[{"href":"https:\/\/grupoviamar.com\/\/noticias\/wp-json\/wp\/v2\/media?parent=754"}],"wp:term":[{"taxonomy":"category","embeddable":true,"href":"https:\/\/grupoviamar.com\/\/noticias\/wp-json\/wp\/v2\/categories?post=754"},{"taxonomy":"post_tag","embeddable":true,"href":"https:\/\/grupoviamar.com\/\/noticias\/wp-json\/wp\/v2\/tags?post=754"},{"taxonomy":"marca","embeddable":true,"href":"https:\/\/grupoviamar.com\/\/noticias\/wp-json\/wp\/v2\/marca?post=754"}],"curies":[{"name":"wp","href":"https:\/\/api.w.org\/{rel}","templated":true}]}}