{"id":739,"date":"2023-05-02T21:00:02","date_gmt":"2023-05-02T21:00:02","guid":{"rendered":"https:\/\/grupoviamar.com\/\/noticias\/?p=739"},"modified":"2023-05-03T13:30:58","modified_gmt":"2023-05-03T13:30:58","slug":"ford-abre-convocatoria-para-su-programa-donativos-ambientales-ford-2023","status":"publish","type":"post","link":"https:\/\/grupoviamar.com\/\/noticias\/ford-abre-convocatoria-para-su-programa-donativos-ambientales-ford-2023\/","title":{"rendered":"Ford abre convocatoria para su programa Donativos Ambientales Ford 2023"},"content":{"rendered":"\n<ul class=\"wp-block-list\">\n<li>Durante los \u00faltimos 22 a\u00f1os el programa ha aportado m\u00e1s de $1.9 millones (USD) a proyectos ambientales en la regi\u00f3n.<\/li>\n\n\n\n<li>M\u00e1s de 317 mil personas fueron beneficiadas indirectamente por los proyectos ganadores del 2021.<\/li>\n<\/ul>\n\n\n\n<p><\/p>\n\n\n\n<p>Ford se une a la celebraci\u00f3n del mes de la Tierra con el inicio de la convocatoria para la edici\u00f3n 22 de su programa anual Donativos Ambientales Ford, mediante el cual se distribuir\u00e1n $56,000 (USD) entre las iniciativas comunitarias que impactan positivamente el medioambiente en Panam\u00e1, Costa Rica y Rep\u00fablica Dominicana y que contribuyen de manera expl\u00edcita a los <a href=\"https:\/\/www.un.org\/sustainabledevelopment\/es\/objetivos-de-desarrollo-sostenible\/\">Objetivos de Desarrollo Sostenible<\/a> de la ONU. El per\u00edodo de convocatoria durante el que las organizaciones sin fines de lucro pueden presentar sus proyectos al programa es del 20 de abril al 31 de mayo 2023.<\/p>\n\n\n\n<p>El programa, cuyo objetivo es continuar propulsando la sustentabilidad y acelerando la conservaci\u00f3n de los recursos naturales a trav\u00e9s de empoderar a las comunidades hacia un futuro m\u00e1s sostenible, ha aportado m\u00e1s de $1.9 millones (USD) a cientos de proyectos ambientales en Centroam\u00e9rica y Caribe.<\/p>\n\n\n\n<p>Donativos Ambientales Ford recibir\u00e1 propuestas en las siguientes cuatro categor\u00edas: <strong>Conservaci\u00f3n y Recuperaci\u00f3n de la Biodiversidad: <\/strong>proyectos vinculados a la protecci\u00f3n, recuperaci\u00f3n y conservaci\u00f3n de los ecosistemas, su flora y fauna y el recurso agua; <strong>Seguridad Alimentaria<\/strong>: proyectos de agricultura ecol\u00f3gica y aquellos vinculados al manejo sostenible de ecosistemas que sean estrat\u00e9gicos para la disponibilidad, acceso y consumo de alimentos saludables en comunidades vulnerables; <strong>Gesti\u00f3n de Residuos<\/strong>: proyectos que contribuyan a reducir, reutilizar, reciclar y recuperar los residuos generados en las comunidades y generen una cultura ciudadana de manejo correcto de los desechos; y <strong>Energ\u00edas Renovables<\/strong>: proyectos que promuevan el uso de fuentes de energ\u00eda basadas en los recursos naturales renovables como una forma de contribuir en la lucha contra el cambio clim\u00e1tico.<\/p>\n\n\n\n<figure class=\"wp-block-image size-large\"><img loading=\"lazy\" decoding=\"async\" width=\"1024\" height=\"683\" src=\"https:\/\/grupoviamar.com\/\/noticias\/wp-content\/uploads\/2023\/05\/Foto-1-DAF-2023-1024x683.jpg\" alt=\"\" class=\"wp-image-743\" srcset=\"https:\/\/grupoviamar.com\/\/noticias\/wp-content\/uploads\/2023\/05\/Foto-1-DAF-2023-1024x683.jpg 1024w, https:\/\/grupoviamar.com\/\/noticias\/wp-content\/uploads\/2023\/05\/Foto-1-DAF-2023-300x200.jpg 300w, https:\/\/grupoviamar.com\/\/noticias\/wp-content\/uploads\/2023\/05\/Foto-1-DAF-2023-768x512.jpg 768w, https:\/\/grupoviamar.com\/\/noticias\/wp-content\/uploads\/2023\/05\/Foto-1-DAF-2023-1536x1024.jpg 1536w, https:\/\/grupoviamar.com\/\/noticias\/wp-content\/uploads\/2023\/05\/Foto-1-DAF-2023.jpg 2048w\" sizes=\"auto, (max-width: 1024px) 100vw, 1024px\" \/><\/figure>\n\n\n\n<p>Es indispensable que los proyectos ambientales comunitarios que se sometan para evaluaci\u00f3n ya est\u00e9n en etapa de ejecuci\u00f3n en Panam\u00e1, Costa Rica o Rep\u00fablica Dominicana y cuenten con resultados preliminares relevantes.&nbsp;<\/p>\n\n\n\n<p>Los interesados pueden acceder a la p\u00e1gina <a href=\"http:\/\/donativosambientalesford.com\/\">DonativosAmbientalesFord.com<\/a> para completar el formulario de solicitud y conocer m\u00e1s detalles, reglas y condiciones del programa. A trav\u00e9s del mismo portal pueden inscribirse al <em>webinar<\/em> de inducci\u00f3n que se realizar\u00e1 el jueves 11 de mayo a las 10:00 am (Panam\u00e1), 11:00 am (Rep\u00fablica Dominicana) y 9:00 am (Costa Rica), en el que Dacil Acevedo, socia de Sostenibilidad &amp; Estrategia de SINERGIA507 y Vivian T. D\u00e1vila, gerente de asuntos p\u00fablicos y comunicaciones para Ford en Centroam\u00e9rica y Caribe, orientar\u00e1n sobre el proceso de inscripci\u00f3n y aclarar\u00e1n dudas de los participantes.<\/p>\n\n\n\n<p>\u201cLos proyectos ganadores de Donativos Ambientales Ford son ejemplos del compromiso y uni\u00f3n de voluntades de las organizaciones que constantemente trabajan por el progreso de sus comunidades. Nos enorgullece impulsar sus iniciativas que no solo ayudan a alcanzar un futuro sostenible, sino que promueven el desarrollo social y econ\u00f3mico\u201d, expres\u00f3 Vivian T. D\u00e1vila, gerente de asuntos p\u00fablicos y comunicaciones para Ford en Centroam\u00e9rica y Caribe.<\/p>\n\n\n\n<figure class=\"wp-block-image size-large\"><img loading=\"lazy\" decoding=\"async\" width=\"1024\" height=\"683\" src=\"https:\/\/grupoviamar.com\/\/noticias\/wp-content\/uploads\/2023\/05\/Foto-2-DAF-2023-1024x683.jpg\" alt=\"\" class=\"wp-image-744\" srcset=\"https:\/\/grupoviamar.com\/\/noticias\/wp-content\/uploads\/2023\/05\/Foto-2-DAF-2023-1024x683.jpg 1024w, https:\/\/grupoviamar.com\/\/noticias\/wp-content\/uploads\/2023\/05\/Foto-2-DAF-2023-300x200.jpg 300w, https:\/\/grupoviamar.com\/\/noticias\/wp-content\/uploads\/2023\/05\/Foto-2-DAF-2023-768x512.jpg 768w, https:\/\/grupoviamar.com\/\/noticias\/wp-content\/uploads\/2023\/05\/Foto-2-DAF-2023-1536x1024.jpg 1536w, https:\/\/grupoviamar.com\/\/noticias\/wp-content\/uploads\/2023\/05\/Foto-2-DAF-2023.jpg 2048w\" sizes=\"auto, (max-width: 1024px) 100vw, 1024px\" \/><\/figure>\n\n\n\n<p>De acuerdo con el informe de impacto realizado por Sinergia507, firma especializada en sostenibilidad y responsabilidad social, los proyectos ganadores de Donativos Ambientales Ford 2021 en Panam\u00e1, Costa Rica y Rep\u00fablica Dominicana, beneficiaron indirectamente a 317,276 personas en estos pa\u00edses y tuvieron un impacto mayor en los siguientes cuatro Objetivos de Desarrollo Sostenible de la ONU: Garantizar una vida sana y promover el bienestar para todos en todas las edades; Lograr que las ciudades sean m\u00e1s inclusivas, seguras, resilientes y sostenibles; Adoptar medidas urgentes para combatir el cambio clim\u00e1tico y sus efectos; y Gestionar sosteniblemente los bosques, luchar contra la desertificaci\u00f3n, detener e invertir la degradaci\u00f3n de las tierras, detener la p\u00e9rdida de biodiversidad. El 100% de estos proyectos seguir\u00e1n llev\u00e1ndose a cabo; la mitad seguir\u00e1 ejecut\u00e1ndose igual y la otra mitad escalar\u00e1 su impacto futuro.<\/p>\n\n\n\n<p>Los seis proyectos ganadores de Donativos Ambientales Ford 2022 tambi\u00e9n ser\u00e1n evaluados pr\u00f3ximamente para conocer su impacto ambiental y social. Estos son: <\/p>\n\n\n\n<ul class=\"wp-block-list\">\n<li>Centro de articulaci\u00f3n cient\u00edfico y conservaci\u00f3n comunitaria de biodiversidad, Cocl\u00e9, Cerro La Vieja, Parque Bot\u00e1nico y Comunidades locales resilientes al clima en Azuero, en Panam\u00e1.<\/li>\n<\/ul>\n\n\n\n<ul class=\"wp-block-list\">\n<li>Fortalecimiento de peque\u00f1os productores mediante agricultura de precisi\u00f3n en la Regi\u00f3n Chorotega y Proyecto Restauraci\u00f3n Socio-Ecosist\u00e9mica Guacalillo, en Costa Rica.  <\/li>\n<\/ul>\n\n\n\n<ul class=\"wp-block-list\">\n<li>Participaci\u00f3n comunitaria para la obtenci\u00f3n de productos en base al sargazo en las zonas costeras en Rep\u00fablica Dominicana.<\/li>\n<\/ul>\n\n\n\n<figure class=\"wp-block-gallery has-nested-images columns-default is-cropped wp-block-gallery-1 is-layout-flex wp-block-gallery-is-layout-flex\">\n<figure class=\"wp-block-image size-large\"><img loading=\"lazy\" decoding=\"async\" width=\"676\" height=\"875\" data-id=\"742\" src=\"https:\/\/grupoviamar.com\/\/noticias\/wp-content\/uploads\/2023\/05\/Screenshot-2023-05-02-165639.png\" alt=\"\" class=\"wp-image-742\" srcset=\"https:\/\/grupoviamar.com\/\/noticias\/wp-content\/uploads\/2023\/05\/Screenshot-2023-05-02-165639.png 676w, https:\/\/grupoviamar.com\/\/noticias\/wp-content\/uploads\/2023\/05\/Screenshot-2023-05-02-165639-232x300.png 232w\" sizes=\"auto, (max-width: 676px) 100vw, 676px\" \/><\/figure>\n<\/figure>\n","protected":false},"excerpt":{"rendered":"<p>Donativos Ambientales Ford distribuir\u00e1 este a\u00f1o $56,000 (USD) entre los proyectos de Centroam\u00e9rica y Caribe que resulten ganadores.<\/p>\n","protected":false},"author":7,"featured_media":740,"comment_status":"open","ping_status":"open","sticky":false,"template":"","format":"standard","meta":{"footnotes":""},"categories":[6],"tags":[],"marca":[5],"class_list":["post-739","post","type-post","status-publish","format-standard","has-post-thumbnail","hentry","category-lifestyle","marca-ford"],"acf":[],"_links":{"self":[{"href":"https:\/\/grupoviamar.com\/\/noticias\/wp-json\/wp\/v2\/posts\/739","targetHints":{"allow":["GET"]}}],"collection":[{"href":"https:\/\/grupoviamar.com\/\/noticias\/wp-json\/wp\/v2\/posts"}],"about":[{"href":"https:\/\/grupoviamar.com\/\/noticias\/wp-json\/wp\/v2\/types\/post"}],"author":[{"embeddable":true,"href":"https:\/\/grupoviamar.com\/\/noticias\/wp-json\/wp\/v2\/users\/7"}],"replies":[{"embeddable":true,"href":"https:\/\/grupoviamar.com\/\/noticias\/wp-json\/wp\/v2\/comments?post=739"}],"version-history":[{"count":2,"href":"https:\/\/grupoviamar.com\/\/noticias\/wp-json\/wp\/v2\/posts\/739\/revisions"}],"predecessor-version":[{"id":746,"href":"https:\/\/grupoviamar.com\/\/noticias\/wp-json\/wp\/v2\/posts\/739\/revisions\/746"}],"wp:featuredmedia":[{"embeddable":true,"href":"https:\/\/grupoviamar.com\/\/noticias\/wp-json\/wp\/v2\/media\/740"}],"wp:attachment":[{"href":"https:\/\/grupoviamar.com\/\/noticias\/wp-json\/wp\/v2\/media?parent=739"}],"wp:term":[{"taxonomy":"category","embeddable":true,"href":"https:\/\/grupoviamar.com\/\/noticias\/wp-json\/wp\/v2\/categories?post=739"},{"taxonomy":"post_tag","embeddable":true,"href":"https:\/\/grupoviamar.com\/\/noticias\/wp-json\/wp\/v2\/tags?post=739"},{"taxonomy":"marca","embeddable":true,"href":"https:\/\/grupoviamar.com\/\/noticias\/wp-json\/wp\/v2\/marca?post=739"}],"curies":[{"name":"wp","href":"https:\/\/api.w.org\/{rel}","templated":true}]}}