{"id":539,"date":"2023-03-02T13:46:31","date_gmt":"2023-03-02T13:46:31","guid":{"rendered":"https:\/\/grupoviamar.com\/\/noticias\/?p=539"},"modified":"2023-04-05T11:03:12","modified_gmt":"2023-04-05T11:03:12","slug":"presentacion-de-swm-de-comercial-karros","status":"publish","type":"post","link":"https:\/\/grupoviamar.com\/\/noticias\/presentacion-de-swm-de-comercial-karros\/","title":{"rendered":"Presentaci\u00f3n de SWM de Comercial Karros"},"content":{"rendered":"\n<p>La noche de jueves se llen\u00f3 de luces, risas y sorpresas ante la presentaci\u00f3n del nuevo modelo G01FF de la marca SWM en Comercial Karros. <\/p>\n\n\n\n<p>La velada dio inicio en medio de una noche fresca con las palabras de apertura por parte del se\u00f1or C\u00e9sar Castro, Presidente de Comercial Karros quien destac\u00f3 como pilares del \u00e9xito en los negocios el contar con amistades genuinas y crear ambientes donde el crecimiento sea la media. <\/p>\n\n\n\n<p>Expres\u00f3 el Sr. Castro: \"son veintisiete a\u00f1os junto a mi hermano trabajando de la mano en este proceso y quiero felicitar a mi equipo, sin ustedes esto no ser\u00eda posible\". <\/p>\n\n\n\n<figure class=\"wp-block-image size-large\"><img loading=\"lazy\" decoding=\"async\" width=\"1024\" height=\"576\" src=\"https:\/\/grupoviamar.com\/\/noticias\/wp-content\/uploads\/2023\/03\/DSC01387-1024x576.jpg\" alt=\"\" class=\"wp-image-555\" srcset=\"https:\/\/grupoviamar.com\/\/noticias\/wp-content\/uploads\/2023\/03\/DSC01387-1024x576.jpg 1024w, https:\/\/grupoviamar.com\/\/noticias\/wp-content\/uploads\/2023\/03\/DSC01387-300x169.jpg 300w, https:\/\/grupoviamar.com\/\/noticias\/wp-content\/uploads\/2023\/03\/DSC01387-768x432.jpg 768w, https:\/\/grupoviamar.com\/\/noticias\/wp-content\/uploads\/2023\/03\/DSC01387-1536x864.jpg 1536w, https:\/\/grupoviamar.com\/\/noticias\/wp-content\/uploads\/2023\/03\/DSC01387-2048x1152.jpg 2048w\" sizes=\"auto, (max-width: 1024px) 100vw, 1024px\" \/><figcaption class=\"wp-element-caption\">C\u00e9sar Castro &#8211; Presidente Comercial Karros<\/figcaption><\/figure>\n\n\n\n<p>Luego escuchamos las palabras del Se\u00f1or Joan Abreu, VP de Mercadeo y Ventas de Veh\u00edculos Nuevos de Grupo Viamar, en torno al lanzamiento de la marca: \"Grupo Viamar se siente totalmente comprometido con nuestro socio Comercial Karros a seguir haciendo de nuestra relaci\u00f3n una relaci\u00f3n fruct\u00edfera\".<\/p>\n\n\n\n<p>Contaba que Grupo Viamar se compromete a seguir brindando apoyo para el crecimiento y desarrollo mutuo. Una vez terminada la intervenci\u00f3n del se\u00f1or Abreu, dio entrada el Brand Manager de SWM, el se\u00f1or Jos\u00e9 Reyes, quien deleit\u00f3 al p\u00fablico con detalles del modelo y seguido a esto pas\u00f3 a realizar un recorrido mostrando las principales caracter\u00edsticas. <\/p>\n\n\n\n<p>La velada culmin\u00f3 con todos los presentes interactuando y probando el nuevo modelo G01FF, acerc\u00e1ndose y conociendo cada una de sus amenidades. <\/p>\n\n\n\n<div class=\"wp-block-columns is-layout-flex wp-container-core-columns-is-layout-9d6595d7 wp-block-columns-is-layout-flex\">\n<div class=\"wp-block-column is-layout-flow wp-block-column-is-layout-flow\">\n<figure class=\"wp-block-gallery has-nested-images columns-default is-cropped wp-block-gallery-1 is-layout-flex wp-block-gallery-is-layout-flex\">\n<figure class=\"wp-block-image size-large\"><img loading=\"lazy\" decoding=\"async\" width=\"1024\" height=\"576\" data-id=\"563\" src=\"https:\/\/grupoviamar.com\/\/noticias\/wp-content\/uploads\/2023\/03\/DSC01479-1-1024x576.jpg\" alt=\"\" class=\"wp-image-563\" srcset=\"https:\/\/grupoviamar.com\/\/noticias\/wp-content\/uploads\/2023\/03\/DSC01479-1-1024x576.jpg 1024w, https:\/\/grupoviamar.com\/\/noticias\/wp-content\/uploads\/2023\/03\/DSC01479-1-300x169.jpg 300w, https:\/\/grupoviamar.com\/\/noticias\/wp-content\/uploads\/2023\/03\/DSC01479-1-768x432.jpg 768w, https:\/\/grupoviamar.com\/\/noticias\/wp-content\/uploads\/2023\/03\/DSC01479-1-1536x864.jpg 1536w, https:\/\/grupoviamar.com\/\/noticias\/wp-content\/uploads\/2023\/03\/DSC01479-1-2048x1152.jpg 2048w\" sizes=\"auto, (max-width: 1024px) 100vw, 1024px\" \/><\/figure>\n<\/figure>\n<\/div>\n\n\n\n<div class=\"wp-block-column is-layout-flow wp-block-column-is-layout-flow\">\n<figure class=\"wp-block-gallery has-nested-images columns-default is-cropped wp-block-gallery-2 is-layout-flex wp-block-gallery-is-layout-flex\">\n<figure class=\"wp-block-image size-large\"><img loading=\"lazy\" decoding=\"async\" width=\"1024\" height=\"576\" data-id=\"556\" src=\"https:\/\/grupoviamar.com\/\/noticias\/wp-content\/uploads\/2023\/03\/DSC01447-1024x576.jpg\" alt=\"\" class=\"wp-image-556\" srcset=\"https:\/\/grupoviamar.com\/\/noticias\/wp-content\/uploads\/2023\/03\/DSC01447-1024x576.jpg 1024w, https:\/\/grupoviamar.com\/\/noticias\/wp-content\/uploads\/2023\/03\/DSC01447-300x169.jpg 300w, https:\/\/grupoviamar.com\/\/noticias\/wp-content\/uploads\/2023\/03\/DSC01447-768x432.jpg 768w, https:\/\/grupoviamar.com\/\/noticias\/wp-content\/uploads\/2023\/03\/DSC01447-1536x864.jpg 1536w, https:\/\/grupoviamar.com\/\/noticias\/wp-content\/uploads\/2023\/03\/DSC01447-2048x1152.jpg 2048w\" sizes=\"auto, (max-width: 1024px) 100vw, 1024px\" \/><\/figure>\n<\/figure>\n<\/div>\n<\/div>\n\n\n\n<figure class=\"wp-block-image size-large\"><img loading=\"lazy\" decoding=\"async\" width=\"1024\" height=\"576\" src=\"https:\/\/grupoviamar.com\/\/noticias\/wp-content\/uploads\/2023\/03\/DSC01377-1-1024x576.jpg\" alt=\"\" class=\"wp-image-544\" srcset=\"https:\/\/grupoviamar.com\/\/noticias\/wp-content\/uploads\/2023\/03\/DSC01377-1-1024x576.jpg 1024w, https:\/\/grupoviamar.com\/\/noticias\/wp-content\/uploads\/2023\/03\/DSC01377-1-300x169.jpg 300w, https:\/\/grupoviamar.com\/\/noticias\/wp-content\/uploads\/2023\/03\/DSC01377-1-768x432.jpg 768w, https:\/\/grupoviamar.com\/\/noticias\/wp-content\/uploads\/2023\/03\/DSC01377-1-1536x864.jpg 1536w, https:\/\/grupoviamar.com\/\/noticias\/wp-content\/uploads\/2023\/03\/DSC01377-1-2048x1152.jpg 2048w\" sizes=\"auto, (max-width: 1024px) 100vw, 1024px\" \/><\/figure>\n","protected":false},"excerpt":{"rendered":"<p>La noche se llen\u00f3 de luces, risas y sorpresas ante la presentaci\u00f3n del nuevo modelo G01FF de la marca SWM en Comercial Karros. <\/p>\n","protected":false},"author":6,"featured_media":560,"comment_status":"open","ping_status":"open","sticky":false,"template":"","format":"standard","meta":{"footnotes":""},"categories":[23,14,35],"tags":[],"marca":[24,34],"class_list":["post-539","post","type-post","status-publish","format-standard","has-post-thumbnail","hentry","category-grupo-viamar","category-nuevos-lanzamientos","category-ultimas-noticias","marca-grupo-viamar","marca-swm"],"acf":[],"_links":{"self":[{"href":"https:\/\/grupoviamar.com\/\/noticias\/wp-json\/wp\/v2\/posts\/539","targetHints":{"allow":["GET"]}}],"collection":[{"href":"https:\/\/grupoviamar.com\/\/noticias\/wp-json\/wp\/v2\/posts"}],"about":[{"href":"https:\/\/grupoviamar.com\/\/noticias\/wp-json\/wp\/v2\/types\/post"}],"author":[{"embeddable":true,"href":"https:\/\/grupoviamar.com\/\/noticias\/wp-json\/wp\/v2\/users\/6"}],"replies":[{"embeddable":true,"href":"https:\/\/grupoviamar.com\/\/noticias\/wp-json\/wp\/v2\/comments?post=539"}],"version-history":[{"count":7,"href":"https:\/\/grupoviamar.com\/\/noticias\/wp-json\/wp\/v2\/posts\/539\/revisions"}],"predecessor-version":[{"id":603,"href":"https:\/\/grupoviamar.com\/\/noticias\/wp-json\/wp\/v2\/posts\/539\/revisions\/603"}],"wp:featuredmedia":[{"embeddable":true,"href":"https:\/\/grupoviamar.com\/\/noticias\/wp-json\/wp\/v2\/media\/560"}],"wp:attachment":[{"href":"https:\/\/grupoviamar.com\/\/noticias\/wp-json\/wp\/v2\/media?parent=539"}],"wp:term":[{"taxonomy":"category","embeddable":true,"href":"https:\/\/grupoviamar.com\/\/noticias\/wp-json\/wp\/v2\/categories?post=539"},{"taxonomy":"post_tag","embeddable":true,"href":"https:\/\/grupoviamar.com\/\/noticias\/wp-json\/wp\/v2\/tags?post=539"},{"taxonomy":"marca","embeddable":true,"href":"https:\/\/grupoviamar.com\/\/noticias\/wp-json\/wp\/v2\/marca?post=539"}],"curies":[{"name":"wp","href":"https:\/\/api.w.org\/{rel}","templated":true}]}}