{"id":536,"date":"2023-03-30T13:48:12","date_gmt":"2023-03-30T13:48:12","guid":{"rendered":"https:\/\/grupoviamar.com\/\/noticias\/?p=536"},"modified":"2023-04-11T19:34:18","modified_gmt":"2023-04-11T19:34:18","slug":"estreno-mundial-del-kia-ev9","status":"publish","type":"post","link":"https:\/\/grupoviamar.com\/\/noticias\/estreno-mundial-del-kia-ev9\/","title":{"rendered":"Estreno mundial del Kia EV9"},"content":{"rendered":"\n<p>(SEOUL) &#8211; Kia ha revelado hoy todos los detalles del Kia EV9, su primer SUV insignia el\u00e9ctrico de tres filas de asientos que aporta nuevas ideas, dise\u00f1o y tecnolog\u00eda al sector y encabeza la r\u00e1pida transformaci\u00f3n de la marca en un proveedor de soluciones de movilidad sostenible en la era de la electrificaci\u00f3n.<\/p>\n\n\n\n<p>Basado en la revolucionaria Plataforma Modular Global El\u00e9ctrica (E-GMP), el EV9 garantiza un rendimiento atl\u00e9tico, complementado con una autonom\u00eda totalmente el\u00e9ctrica de m\u00e1s de 541 km1, de acuerdo con el Procedimiento de Prueba de Veh\u00edculos Ligeros Armonizado Mundial (WLTP). La capacidad de carga ultrarr\u00e1pida de 800 voltios permite recargar el paquete de bater\u00edas del EV9 con carga suficiente para alimentar el veh\u00edculo durante 239 km en aproximadamente 15 minutos.<\/p>\n\n\n\n<p>Numerosos avances tecnol\u00f3gicos incluyen el sistema Highway Driving Pilot (HDP), disponible en la l\u00ednea Kia EV9 GT en el futuro, que permite la conducci\u00f3n aut\u00f3noma condicional de nivel 3 en mercados seleccionados. Tambi\u00e9n presenta Kia Connect Store, que permite a los clientes comprar funciones y servicios digitales a pedido, brind\u00e1ndoles la flexibilidad de elegir las funciones que desean y actualizar continuamente la capacidad del EV9 con actualizaciones Over the Air (OTA) en cualquier momento.<\/p>\n\n\n\n<figure class=\"wp-block-gallery has-nested-images columns-default is-cropped wp-block-gallery-1 is-layout-flex wp-block-gallery-is-layout-flex\">\n<figure class=\"wp-block-image size-large\"><img loading=\"lazy\" decoding=\"async\" width=\"1024\" height=\"681\" data-id=\"626\" src=\"https:\/\/grupoviamar.com\/\/noticias\/wp-content\/uploads\/2023\/03\/Kia-EV9-Int-1-1024x681.jpg\" alt=\"\" class=\"wp-image-626\" srcset=\"https:\/\/grupoviamar.com\/\/noticias\/wp-content\/uploads\/2023\/03\/Kia-EV9-Int-1-1024x681.jpg 1024w, https:\/\/grupoviamar.com\/\/noticias\/wp-content\/uploads\/2023\/03\/Kia-EV9-Int-1-300x200.jpg 300w, https:\/\/grupoviamar.com\/\/noticias\/wp-content\/uploads\/2023\/03\/Kia-EV9-Int-1-768x511.jpg 768w, https:\/\/grupoviamar.com\/\/noticias\/wp-content\/uploads\/2023\/03\/Kia-EV9-Int-1-1536x1022.jpg 1536w, https:\/\/grupoviamar.com\/\/noticias\/wp-content\/uploads\/2023\/03\/Kia-EV9-Int-1-2048x1363.jpg 2048w\" sizes=\"auto, (max-width: 1024px) 100vw, 1024px\" \/><\/figure>\n<\/figure>\n\n\n\n<p>Ho Sung Song, Presidente y Director Ejecutivo, dijo: \u201cEl Kia EV9 trasciende todos los aspectos del pensamiento tradicional de los SUV y representa el pin\u00e1culo de las capacidades de dise\u00f1o e ingenier\u00eda de Kia. Creado para satisfacer las necesidades de todos los miembros de la familia, el EV9 tambi\u00e9n encabeza la r\u00e1pida transici\u00f3n de Kia a un proveedor de soluciones de movilidad sostenible, no solo por su avanzada arquitectura EV, sino tambi\u00e9n por los numerosos materiales reciclados y sostenibles utilizados en su creaci\u00f3n\u201d.<\/p>\n\n\n\n<p>Kia comenzar\u00e1 a ofrecer pedidos anticipados del EV9 para el mercado coreano en el segundo trimestre de 2023. El Kia EV9 saldr\u00e1 a la venta en mercados globales seleccionados a partir de la segunda mitad del a\u00f1o.<\/p>\n\n\n\n<p>Hoy, Kia ha lanzado el video de estreno mundial del EV9 con todos los detalles del modelo. El video se puede ver en la p\u00e1gina de marca global de Kia EV9 en <a href=\"https:\/\/worldwide.kia.com\/int\/ev9'\">https:\/\/worldwide.kia.com\/int\/ev9&#8242;<\/a><\/p>\n\n\n\n<p><\/p>\n","protected":false},"excerpt":{"rendered":"<p>Kia ha revelado hoy todos los detalles del Kia EV9.<\/p>\n","protected":false},"author":6,"featured_media":625,"comment_status":"open","ping_status":"open","sticky":false,"template":"","format":"standard","meta":{"footnotes":""},"categories":[14],"tags":[],"marca":[2],"class_list":["post-536","post","type-post","status-publish","format-standard","has-post-thumbnail","hentry","category-nuevos-lanzamientos","marca-kia"],"acf":[],"_links":{"self":[{"href":"https:\/\/grupoviamar.com\/\/noticias\/wp-json\/wp\/v2\/posts\/536","targetHints":{"allow":["GET"]}}],"collection":[{"href":"https:\/\/grupoviamar.com\/\/noticias\/wp-json\/wp\/v2\/posts"}],"about":[{"href":"https:\/\/grupoviamar.com\/\/noticias\/wp-json\/wp\/v2\/types\/post"}],"author":[{"embeddable":true,"href":"https:\/\/grupoviamar.com\/\/noticias\/wp-json\/wp\/v2\/users\/6"}],"replies":[{"embeddable":true,"href":"https:\/\/grupoviamar.com\/\/noticias\/wp-json\/wp\/v2\/comments?post=536"}],"version-history":[{"count":5,"href":"https:\/\/grupoviamar.com\/\/noticias\/wp-json\/wp\/v2\/posts\/536\/revisions"}],"predecessor-version":[{"id":629,"href":"https:\/\/grupoviamar.com\/\/noticias\/wp-json\/wp\/v2\/posts\/536\/revisions\/629"}],"wp:featuredmedia":[{"embeddable":true,"href":"https:\/\/grupoviamar.com\/\/noticias\/wp-json\/wp\/v2\/media\/625"}],"wp:attachment":[{"href":"https:\/\/grupoviamar.com\/\/noticias\/wp-json\/wp\/v2\/media?parent=536"}],"wp:term":[{"taxonomy":"category","embeddable":true,"href":"https:\/\/grupoviamar.com\/\/noticias\/wp-json\/wp\/v2\/categories?post=536"},{"taxonomy":"post_tag","embeddable":true,"href":"https:\/\/grupoviamar.com\/\/noticias\/wp-json\/wp\/v2\/tags?post=536"},{"taxonomy":"marca","embeddable":true,"href":"https:\/\/grupoviamar.com\/\/noticias\/wp-json\/wp\/v2\/marca?post=536"}],"curies":[{"name":"wp","href":"https:\/\/api.w.org\/{rel}","templated":true}]}}