{"id":513,"date":"2023-03-23T18:16:49","date_gmt":"2023-03-23T18:16:49","guid":{"rendered":"https:\/\/grupoviamar.com\/\/noticias\/?p=513"},"modified":"2023-04-05T11:03:30","modified_gmt":"2023-04-05T11:03:30","slug":"presentacion-swm-en-autopaniagua","status":"publish","type":"post","link":"https:\/\/grupoviamar.com\/\/noticias\/presentacion-swm-en-autopaniagua\/","title":{"rendered":"Presentaci\u00f3n SWM en Autopaniagua"},"content":{"rendered":"\n<p>Grupo Viamar estuvo acompa\u00f1ando al Dealer Auto Paniagua el pasado 23 de marzo del 2023 en sus instalaciones ubicadas en la Av. R\u00f3mulo Betancourt, donde al ritmo de buena m\u00fasica y muchas novedades,&nbsp;presentaron a sus clientes lo nuevo de SWM. <\/p>\n\n\n\n<p>Jes\u00fas Paniagua, Vicepresidente Corporativo de Auto Paniagua, expres\u00f3 su agradecimiento a Grupo Viamar: \"Grupo Viamar, es considerado referente de autom\u00f3viles, seguridad, comodidad y buen gusto a nivel vehicular en el pueblo dominicano\".<\/p>\n\n\n<div class=\"wp-block-image\">\n<figure class=\"aligncenter size-large is-resized\"><img loading=\"lazy\" decoding=\"async\" src=\"https:\/\/grupoviamar.com\/\/noticias\/wp-content\/uploads\/2023\/03\/DSC01292-1024x683.jpg\" alt=\"\" class=\"wp-image-528\" width=\"620\" height=\"413\" srcset=\"https:\/\/grupoviamar.com\/\/noticias\/wp-content\/uploads\/2023\/03\/DSC01292-1024x683.jpg 1024w, https:\/\/grupoviamar.com\/\/noticias\/wp-content\/uploads\/2023\/03\/DSC01292-300x200.jpg 300w, https:\/\/grupoviamar.com\/\/noticias\/wp-content\/uploads\/2023\/03\/DSC01292-768x512.jpg 768w, https:\/\/grupoviamar.com\/\/noticias\/wp-content\/uploads\/2023\/03\/DSC01292-1536x1024.jpg 1536w, https:\/\/grupoviamar.com\/\/noticias\/wp-content\/uploads\/2023\/03\/DSC01292-2048x1365.jpg 2048w\" sizes=\"auto, (max-width: 620px) 100vw, 620px\" \/><figcaption class=\"wp-element-caption\">Jes\u00fas Paniagua, Vicepresidente Corporativo de Auto Paniagua<\/figcaption><\/figure>\n<\/div>\n\n\n<blockquote class=\"wp-block-quote is-layout-flow wp-block-quote-is-layout-flow\">\n<p>\"La colaboraci\u00f3n con Grupo Viamar, ha sido una de la m\u00e1s trascendentales con m\u00e1s de 15 a\u00f1os de uni\u00f3n y la relaci\u00f3n siempre se ha mantenido en constante crecimiento y en un apoyo mutuo, de tal forma que agradecemos a Grupo Viamar por su apuesta hacia nosotros, esto es solo el comienzo de un largo camino que juntos vamos a recorrer\", expres\u00f3 el Sr. Jes\u00fas Paniagua.<\/p>\n<\/blockquote>\n\n\n\n<p>Luego comparti\u00f3 unas palabras el Sr. Joan Abreu, VP de Mercadeo y Ventas de Veh\u00edculos Nuevos de Grupo Viamar. \"Esta relaci\u00f3n comercial entre Grupo Viamar y Auto Paniagua siempre ha sido productiva y estamos convencidos de que el \u00e9xito entre ambos viene en com\u00fan. Hoy es una noche de mucho gozo, y de muchas novedades en el mercado\".<\/p>\n\n\n<div class=\"wp-block-image\">\n<figure class=\"aligncenter size-large is-resized\"><img loading=\"lazy\" decoding=\"async\" src=\"https:\/\/grupoviamar.com\/\/noticias\/wp-content\/uploads\/2023\/03\/DSC01338-1-edited-scaled.jpg\" alt=\"\" class=\"wp-image-552\" width=\"592\" height=\"394\" srcset=\"https:\/\/grupoviamar.com\/\/noticias\/wp-content\/uploads\/2023\/03\/DSC01338-1-edited-scaled.jpg 2560w, https:\/\/grupoviamar.com\/\/noticias\/wp-content\/uploads\/2023\/03\/DSC01338-1-edited-300x200.jpg 300w, https:\/\/grupoviamar.com\/\/noticias\/wp-content\/uploads\/2023\/03\/DSC01338-1-edited-1024x683.jpg 1024w, https:\/\/grupoviamar.com\/\/noticias\/wp-content\/uploads\/2023\/03\/DSC01338-1-edited-768x512.jpg 768w, https:\/\/grupoviamar.com\/\/noticias\/wp-content\/uploads\/2023\/03\/DSC01338-1-edited-1536x1024.jpg 1536w, https:\/\/grupoviamar.com\/\/noticias\/wp-content\/uploads\/2023\/03\/DSC01338-1-edited-2048x1365.jpg 2048w\" sizes=\"auto, (max-width: 592px) 100vw, 592px\" \/><figcaption class=\"wp-element-caption\">Sr. Jos\u00e9 Reyes, Brand Manager SWM.<\/figcaption><\/figure>\n<\/div>\n\n\n<p>Despu\u00e9s subi\u00f3 a escenario el Sr. Jos\u00e9 Reyes, Brand Manager de SWM de Grupo Viamar detallando las principales caracter\u00edsticas del modelo G01FF, invitando a todos a conocer lo nuevo de la marca.<\/p>\n\n\n<div class=\"wp-block-image\">\n<figure class=\"aligncenter size-large is-resized\"><img loading=\"lazy\" decoding=\"async\" src=\"https:\/\/grupoviamar.com\/\/noticias\/wp-content\/uploads\/2023\/03\/DSC01358-1-edited-scaled.jpg\" alt=\"\" class=\"wp-image-547\" width=\"635\" height=\"424\" srcset=\"https:\/\/grupoviamar.com\/\/noticias\/wp-content\/uploads\/2023\/03\/DSC01358-1-edited-scaled.jpg 2560w, https:\/\/grupoviamar.com\/\/noticias\/wp-content\/uploads\/2023\/03\/DSC01358-1-edited-300x200.jpg 300w, https:\/\/grupoviamar.com\/\/noticias\/wp-content\/uploads\/2023\/03\/DSC01358-1-edited-1024x683.jpg 1024w, https:\/\/grupoviamar.com\/\/noticias\/wp-content\/uploads\/2023\/03\/DSC01358-1-edited-768x512.jpg 768w, https:\/\/grupoviamar.com\/\/noticias\/wp-content\/uploads\/2023\/03\/DSC01358-1-edited-1536x1024.jpg 1536w, https:\/\/grupoviamar.com\/\/noticias\/wp-content\/uploads\/2023\/03\/DSC01358-1-edited-2048x1365.jpg 2048w\" sizes=\"auto, (max-width: 635px) 100vw, 635px\" \/><\/figure>\n<\/div>\n\n\n<p><\/p>\n","protected":false},"excerpt":{"rendered":"<p>Grupo Viamar estuvo acompa\u00f1ando al Dealer Auto Paniagua, donde al ritmo de buena m\u00fasica y muchas novedades,\u00a0presentaron a sus clientes lo nuevo de SWM. <\/p>\n","protected":false},"author":8,"featured_media":527,"comment_status":"open","ping_status":"open","sticky":false,"template":"","format":"standard","meta":{"footnotes":""},"categories":[23,14,35],"tags":[],"marca":[24,34],"class_list":["post-513","post","type-post","status-publish","format-standard","has-post-thumbnail","hentry","category-grupo-viamar","category-nuevos-lanzamientos","category-ultimas-noticias","marca-grupo-viamar","marca-swm"],"acf":[],"_links":{"self":[{"href":"https:\/\/grupoviamar.com\/\/noticias\/wp-json\/wp\/v2\/posts\/513","targetHints":{"allow":["GET"]}}],"collection":[{"href":"https:\/\/grupoviamar.com\/\/noticias\/wp-json\/wp\/v2\/posts"}],"about":[{"href":"https:\/\/grupoviamar.com\/\/noticias\/wp-json\/wp\/v2\/types\/post"}],"author":[{"embeddable":true,"href":"https:\/\/grupoviamar.com\/\/noticias\/wp-json\/wp\/v2\/users\/8"}],"replies":[{"embeddable":true,"href":"https:\/\/grupoviamar.com\/\/noticias\/wp-json\/wp\/v2\/comments?post=513"}],"version-history":[{"count":10,"href":"https:\/\/grupoviamar.com\/\/noticias\/wp-json\/wp\/v2\/posts\/513\/revisions"}],"predecessor-version":[{"id":580,"href":"https:\/\/grupoviamar.com\/\/noticias\/wp-json\/wp\/v2\/posts\/513\/revisions\/580"}],"wp:featuredmedia":[{"embeddable":true,"href":"https:\/\/grupoviamar.com\/\/noticias\/wp-json\/wp\/v2\/media\/527"}],"wp:attachment":[{"href":"https:\/\/grupoviamar.com\/\/noticias\/wp-json\/wp\/v2\/media?parent=513"}],"wp:term":[{"taxonomy":"category","embeddable":true,"href":"https:\/\/grupoviamar.com\/\/noticias\/wp-json\/wp\/v2\/categories?post=513"},{"taxonomy":"post_tag","embeddable":true,"href":"https:\/\/grupoviamar.com\/\/noticias\/wp-json\/wp\/v2\/tags?post=513"},{"taxonomy":"marca","embeddable":true,"href":"https:\/\/grupoviamar.com\/\/noticias\/wp-json\/wp\/v2\/marca?post=513"}],"curies":[{"name":"wp","href":"https:\/\/api.w.org\/{rel}","templated":true}]}}