{"id":497,"date":"2023-03-08T18:14:13","date_gmt":"2023-03-08T18:14:13","guid":{"rendered":"https:\/\/grupoviamar.com\/\/noticias\/?p=497"},"modified":"2023-04-05T11:03:46","modified_gmt":"2023-04-05T11:03:46","slug":"presentacion-swm-en-espaillat-motors","status":"publish","type":"post","link":"https:\/\/grupoviamar.com\/\/noticias\/presentacion-swm-en-espaillat-motors\/","title":{"rendered":"Presentaci\u00f3n SWM en Espaillat Motors"},"content":{"rendered":"\n<p>Una noche deslumbrante acompa\u00f1ada de grandes amigos, buena m\u00fasica y muchas sorpresas en la presentaci\u00f3n del nuevo modelo G01FF de la marca SWM en Espaillat Motors.<\/p>\n\n\n\n<p>El evento realizado en la ciudad de Santiago de los Caballeros, dio inicio con el Sr. \u00c1ngel Guzm\u00e1n, Director de Negocios de Espaillat Motors, compartiendo unas palabras exaltando el servicio, la rapidez y eficiencia.&nbsp;\"Me llena de satisfacci\u00f3n y regocijo la uni\u00f3n entre Espaillat Motors y Grupo Viamar, espero que esta noche ustedes tambi\u00e9n lo sientan\".<\/p>\n\n\n\n<div class=\"wp-block-columns is-layout-flex wp-container-core-columns-is-layout-9d6595d7 wp-block-columns-is-layout-flex\">\n<div class=\"wp-block-column is-layout-flow wp-block-column-is-layout-flow\">\n<figure class=\"wp-block-gallery has-nested-images columns-default is-cropped wp-block-gallery-1 is-layout-flex wp-block-gallery-is-layout-flex\">\n<figure class=\"wp-block-image size-large\"><img loading=\"lazy\" decoding=\"async\" width=\"2560\" height=\"1703\" data-id=\"576\" src=\"https:\/\/grupoviamar.com\/\/noticias\/wp-content\/uploads\/2023\/03\/MBF_053-1-edited-scaled.jpg\" alt=\"\" class=\"wp-image-576\" srcset=\"https:\/\/grupoviamar.com\/\/noticias\/wp-content\/uploads\/2023\/03\/MBF_053-1-edited-scaled.jpg 2560w, https:\/\/grupoviamar.com\/\/noticias\/wp-content\/uploads\/2023\/03\/MBF_053-1-edited-300x200.jpg 300w, https:\/\/grupoviamar.com\/\/noticias\/wp-content\/uploads\/2023\/03\/MBF_053-1-edited-1024x681.jpg 1024w, https:\/\/grupoviamar.com\/\/noticias\/wp-content\/uploads\/2023\/03\/MBF_053-1-edited-768x511.jpg 768w, https:\/\/grupoviamar.com\/\/noticias\/wp-content\/uploads\/2023\/03\/MBF_053-1-edited-1536x1022.jpg 1536w, https:\/\/grupoviamar.com\/\/noticias\/wp-content\/uploads\/2023\/03\/MBF_053-1-edited-2048x1363.jpg 2048w\" sizes=\"auto, (max-width: 2560px) 100vw, 2560px\" \/><\/figure>\n<\/figure>\n<\/div>\n\n\n\n<div class=\"wp-block-column is-layout-flow wp-block-column-is-layout-flow\">\n<figure class=\"wp-block-gallery has-nested-images columns-default is-cropped wp-block-gallery-2 is-layout-flex wp-block-gallery-is-layout-flex\">\n<figure class=\"wp-block-image size-large\"><img loading=\"lazy\" decoding=\"async\" width=\"1024\" height=\"681\" data-id=\"577\" src=\"https:\/\/grupoviamar.com\/\/noticias\/wp-content\/uploads\/2023\/03\/MBF_062-1-1024x681.jpg\" alt=\"\" class=\"wp-image-577\" srcset=\"https:\/\/grupoviamar.com\/\/noticias\/wp-content\/uploads\/2023\/03\/MBF_062-1-1024x681.jpg 1024w, https:\/\/grupoviamar.com\/\/noticias\/wp-content\/uploads\/2023\/03\/MBF_062-1-300x200.jpg 300w, https:\/\/grupoviamar.com\/\/noticias\/wp-content\/uploads\/2023\/03\/MBF_062-1-768x511.jpg 768w, https:\/\/grupoviamar.com\/\/noticias\/wp-content\/uploads\/2023\/03\/MBF_062-1-1536x1022.jpg 1536w, https:\/\/grupoviamar.com\/\/noticias\/wp-content\/uploads\/2023\/03\/MBF_062-1-2048x1363.jpg 2048w\" sizes=\"auto, (max-width: 1024px) 100vw, 1024px\" \/><\/figure>\n<\/figure>\n<\/div>\n<\/div>\n\n\n\n<p>Luego el Sr. Joan Abreu VP de Mercadeo y Ventas de Veh\u00edculos Nuevos de Grupo Viamar expres\u00f3 \"el \u00e9xito que acompa\u00f1a a Grupo Viamar y Espaillat Motors, se construye a base de mucho esfuerzo y dedicaci\u00f3n. Hoy en d\u00eda estamos muy orgullosos de la introducci\u00f3n de esta nueva marca en el mercado de la Rep\u00fablica Dominicana, la cual llega a complementar el portafolio de Grupo Viamar\". <\/p>\n\n\n\n<p>Despu\u00e9s pas\u00f3 adelante el Sr. Jos\u00e9 Reyes, Brand Manager de SWM de Grupo Viamar a compartir las principales caracter\u00edsticas del nuevo modelo G01FF de SWM. Invitando a todos a su vez a interactuar con el veh\u00edculo y a conocer todas sus bondades. <\/p>\n\n\n\n<p>La noche cerr\u00f3 acompa\u00f1ados de buena m\u00fasica y compartiendo con todos los presentes.<\/p>\n\n\n\n<figure class=\"wp-block-gallery has-nested-images columns-default is-cropped wp-block-gallery-3 is-layout-flex wp-block-gallery-is-layout-flex\">\n<figure class=\"wp-block-image size-large\"><img loading=\"lazy\" decoding=\"async\" width=\"1024\" height=\"681\" data-id=\"572\" src=\"https:\/\/grupoviamar.com\/\/noticias\/wp-content\/uploads\/2023\/03\/MBF_039-1024x681.jpg\" alt=\"\" class=\"wp-image-572\" srcset=\"https:\/\/grupoviamar.com\/\/noticias\/wp-content\/uploads\/2023\/03\/MBF_039-1024x681.jpg 1024w, https:\/\/grupoviamar.com\/\/noticias\/wp-content\/uploads\/2023\/03\/MBF_039-300x200.jpg 300w, https:\/\/grupoviamar.com\/\/noticias\/wp-content\/uploads\/2023\/03\/MBF_039-768x511.jpg 768w, https:\/\/grupoviamar.com\/\/noticias\/wp-content\/uploads\/2023\/03\/MBF_039-1536x1022.jpg 1536w, https:\/\/grupoviamar.com\/\/noticias\/wp-content\/uploads\/2023\/03\/MBF_039-2048x1363.jpg 2048w\" sizes=\"auto, (max-width: 1024px) 100vw, 1024px\" \/><\/figure>\n<\/figure>\n\n\n\n<div class=\"wp-block-columns is-layout-flex wp-container-core-columns-is-layout-9d6595d7 wp-block-columns-is-layout-flex\">\n<div class=\"wp-block-column is-layout-flow wp-block-column-is-layout-flow\">\n<figure class=\"wp-block-gallery has-nested-images columns-default is-cropped wp-block-gallery-4 is-layout-flex wp-block-gallery-is-layout-flex\">\n<figure class=\"wp-block-image size-large\"><img loading=\"lazy\" decoding=\"async\" width=\"1024\" height=\"681\" data-id=\"573\" src=\"https:\/\/grupoviamar.com\/\/noticias\/wp-content\/uploads\/2023\/03\/MBF_046-1-1024x681.jpg\" alt=\"\" class=\"wp-image-573\" srcset=\"https:\/\/grupoviamar.com\/\/noticias\/wp-content\/uploads\/2023\/03\/MBF_046-1-1024x681.jpg 1024w, https:\/\/grupoviamar.com\/\/noticias\/wp-content\/uploads\/2023\/03\/MBF_046-1-300x200.jpg 300w, https:\/\/grupoviamar.com\/\/noticias\/wp-content\/uploads\/2023\/03\/MBF_046-1-768x511.jpg 768w, https:\/\/grupoviamar.com\/\/noticias\/wp-content\/uploads\/2023\/03\/MBF_046-1-1536x1022.jpg 1536w, https:\/\/grupoviamar.com\/\/noticias\/wp-content\/uploads\/2023\/03\/MBF_046-1-2048x1363.jpg 2048w\" sizes=\"auto, (max-width: 1024px) 100vw, 1024px\" \/><\/figure>\n<\/figure>\n<\/div>\n\n\n\n<div class=\"wp-block-column is-layout-flow wp-block-column-is-layout-flow\">\n<figure class=\"wp-block-gallery has-nested-images columns-default is-cropped wp-block-gallery-5 is-layout-flex wp-block-gallery-is-layout-flex\">\n<figure class=\"wp-block-image size-large\"><img loading=\"lazy\" decoding=\"async\" width=\"1024\" height=\"681\" data-id=\"574\" src=\"https:\/\/grupoviamar.com\/\/noticias\/wp-content\/uploads\/2023\/03\/MBF_077-1-1024x681.jpg\" alt=\"\" class=\"wp-image-574\" srcset=\"https:\/\/grupoviamar.com\/\/noticias\/wp-content\/uploads\/2023\/03\/MBF_077-1-1024x681.jpg 1024w, https:\/\/grupoviamar.com\/\/noticias\/wp-content\/uploads\/2023\/03\/MBF_077-1-300x200.jpg 300w, https:\/\/grupoviamar.com\/\/noticias\/wp-content\/uploads\/2023\/03\/MBF_077-1-768x511.jpg 768w, https:\/\/grupoviamar.com\/\/noticias\/wp-content\/uploads\/2023\/03\/MBF_077-1-1536x1022.jpg 1536w, https:\/\/grupoviamar.com\/\/noticias\/wp-content\/uploads\/2023\/03\/MBF_077-1-2048x1363.jpg 2048w\" sizes=\"auto, (max-width: 1024px) 100vw, 1024px\" \/><\/figure>\n<\/figure>\n<\/div>\n<\/div>\n","protected":false},"excerpt":{"rendered":"<p>Una noche deslumbrante acompa\u00f1ada de grandes amigos, buena m\u00fasica y muchas sorpresas en la presentaci\u00f3n del nuevo modelo G01FF de la marca SWM en Espaillat Motors.<\/p>\n","protected":false},"author":8,"featured_media":565,"comment_status":"open","ping_status":"open","sticky":false,"template":"","format":"standard","meta":{"footnotes":""},"categories":[23,14,35],"tags":[],"marca":[24,34],"class_list":["post-497","post","type-post","status-publish","format-standard","has-post-thumbnail","hentry","category-grupo-viamar","category-nuevos-lanzamientos","category-ultimas-noticias","marca-grupo-viamar","marca-swm"],"acf":[],"_links":{"self":[{"href":"https:\/\/grupoviamar.com\/\/noticias\/wp-json\/wp\/v2\/posts\/497","targetHints":{"allow":["GET"]}}],"collection":[{"href":"https:\/\/grupoviamar.com\/\/noticias\/wp-json\/wp\/v2\/posts"}],"about":[{"href":"https:\/\/grupoviamar.com\/\/noticias\/wp-json\/wp\/v2\/types\/post"}],"author":[{"embeddable":true,"href":"https:\/\/grupoviamar.com\/\/noticias\/wp-json\/wp\/v2\/users\/8"}],"replies":[{"embeddable":true,"href":"https:\/\/grupoviamar.com\/\/noticias\/wp-json\/wp\/v2\/comments?post=497"}],"version-history":[{"count":7,"href":"https:\/\/grupoviamar.com\/\/noticias\/wp-json\/wp\/v2\/posts\/497\/revisions"}],"predecessor-version":[{"id":595,"href":"https:\/\/grupoviamar.com\/\/noticias\/wp-json\/wp\/v2\/posts\/497\/revisions\/595"}],"wp:featuredmedia":[{"embeddable":true,"href":"https:\/\/grupoviamar.com\/\/noticias\/wp-json\/wp\/v2\/media\/565"}],"wp:attachment":[{"href":"https:\/\/grupoviamar.com\/\/noticias\/wp-json\/wp\/v2\/media?parent=497"}],"wp:term":[{"taxonomy":"category","embeddable":true,"href":"https:\/\/grupoviamar.com\/\/noticias\/wp-json\/wp\/v2\/categories?post=497"},{"taxonomy":"post_tag","embeddable":true,"href":"https:\/\/grupoviamar.com\/\/noticias\/wp-json\/wp\/v2\/tags?post=497"},{"taxonomy":"marca","embeddable":true,"href":"https:\/\/grupoviamar.com\/\/noticias\/wp-json\/wp\/v2\/marca?post=497"}],"curies":[{"name":"wp","href":"https:\/\/api.w.org\/{rel}","templated":true}]}}