{"id":452,"date":"2023-02-28T21:00:25","date_gmt":"2023-02-28T21:00:25","guid":{"rendered":"https:\/\/grupoviamar.com\/\/noticias\/?p=452"},"modified":"2023-03-01T16:49:13","modified_gmt":"2023-03-01T16:49:13","slug":"grupo-viamar-realiza-evento-junto-a-red-de-dealers-autorizados","status":"publish","type":"post","link":"https:\/\/grupoviamar.com\/\/noticias\/grupo-viamar-realiza-evento-junto-a-red-de-dealers-autorizados\/","title":{"rendered":"Grupo Viamar agradece a su red de dealers autorizados"},"content":{"rendered":"\n<p>Grupo Viamar comparti\u00f3 junto a su red de dealers autorizados en un evento que fue movido sobre todo por el agradecimiento a su hist\u00f3rico recorrido durante el a\u00f1o 2022. <\/p>\n\n\n\n<p>Se dio apertura en el sal\u00f3n Sienna del Restaurante Peperoni con unas palabras de la Sra. Noelia Pe\u00f1a, Gerente Corporativa de Mercadeo y CRM de Grupo Viamar dando la bienvenida a todos los presentes, luego, el Sr. Joan Manuel Abreu, VP de Mercadeo y Ventas de Veh\u00edculos Nuevos comunic\u00f3 el papel que represent\u00f3 la red de dealers autorizados, \"fueron una piedra angular en el \u00e9xito que hemos logrado en el 2022, de lo que lograremos en este 2023, pero sobre todo, los que recorrer\u00e1n de la mano con nosotros el futuro espectacular que nos espera\". El Sr. Abreu cerr\u00f3 su discurso con la frase c\u00e9lebre de Henry Ford, \"llegar juntos es el principio, mantenernos juntos es el progreso, trabajar juntos es el \u00e9xito\". <\/p>\n\n\n\n<figure class=\"wp-block-gallery has-nested-images columns-default is-cropped wp-block-gallery-1 is-layout-flex wp-block-gallery-is-layout-flex\">\n<figure class=\"wp-block-image size-large\"><img loading=\"lazy\" decoding=\"async\" width=\"1024\" height=\"683\" data-id=\"456\" src=\"https:\/\/grupoviamar.com\/\/noticias\/wp-content\/uploads\/2023\/02\/DSC00997-1-1024x683.jpg\" alt=\"\" class=\"wp-image-456\" srcset=\"https:\/\/grupoviamar.com\/\/noticias\/wp-content\/uploads\/2023\/02\/DSC00997-1-1024x683.jpg 1024w, https:\/\/grupoviamar.com\/\/noticias\/wp-content\/uploads\/2023\/02\/DSC00997-1-300x200.jpg 300w, https:\/\/grupoviamar.com\/\/noticias\/wp-content\/uploads\/2023\/02\/DSC00997-1-768x512.jpg 768w, https:\/\/grupoviamar.com\/\/noticias\/wp-content\/uploads\/2023\/02\/DSC00997-1-1536x1024.jpg 1536w, https:\/\/grupoviamar.com\/\/noticias\/wp-content\/uploads\/2023\/02\/DSC00997-1-2048x1365.jpg 2048w\" sizes=\"auto, (max-width: 1024px) 100vw, 1024px\" \/><figcaption class=\"wp-element-caption\">Sr. Fernando Villanueva<\/figcaption><\/figure>\n<\/figure>\n\n\n\n<p>M\u00e1s adelante, el Sr. Fernando Villanueva, Presidente de Grupo Viamar se dirigi\u00f3 a todos los invitados del evento, \"quiero comenzar mi discurso con una palabra sencilla, gracias, sentido de agradecimiento, es lo que siento hacia cada uno de ustedes. El a\u00f1o 2022, a\u00f1o caracterizado por mucha incertidumbre, tuvo una cualidad que predomin\u00f3, fue nuestra compartida determinaci\u00f3n en enfrentar cada d\u00eda con m\u00e1s energ\u00eda, m\u00e1s positivismo, pero sobre todo, con el inmenso deseo de superarnos a nosotros mismos\".<\/p>\n\n\n\n<p>El Sr. Villanueva expres\u00f3, \"nuestro compromiso como empresa y con cada uno de ustedes de seguir creando historia, trabajando de la mano, compartiendo conocimientos, experiencias, con objetivos claros, medibles, retadores, ambiciosos, que nos lleven a ser un marco de referencia en la industria\". <\/p>\n\n\n\n<p>Concluy\u00f3 afirmando que la Red de Dealers Autorizados \"son y siempre ser\u00e1n, un aliado de Grupo Viamar\".<\/p>\n\n\n\n<p>Grupo Viamar da las gracias una vez m\u00e1s a todos los que asistieron y augura muchos \u00e9xitos en este 2023. <\/p>\n\n\n\n<figure class=\"wp-block-embed aligncenter is-type-video is-provider-youtube wp-block-embed-youtube wp-embed-aspect-16-9 wp-has-aspect-ratio\"><div class=\"wp-block-embed__wrapper\">\n<iframe loading=\"lazy\" title=\"Grupo Viamar agradece a su red de Dealers Autorizados\" width=\"500\" height=\"281\" src=\"https:\/\/www.youtube.com\/embed\/mr5UiG4SfTU?feature=oembed\" frameborder=\"0\" allow=\"accelerometer; autoplay; clipboard-write; encrypted-media; gyroscope; picture-in-picture; web-share\" referrerpolicy=\"strict-origin-when-cross-origin\" allowfullscreen><\/iframe>\n<\/div><\/figure>\n","protected":false},"excerpt":{"rendered":"<p>Una velada llena de agradecimiento y mucha alegr\u00eda junto a la red de dealers del Grupo.<\/p>\n","protected":false},"author":6,"featured_media":455,"comment_status":"open","ping_status":"open","sticky":false,"template":"","format":"standard","meta":{"footnotes":""},"categories":[23,15],"tags":[],"marca":[24],"class_list":["post-452","post","type-post","status-publish","format-standard","has-post-thumbnail","hentry","category-grupo-viamar","category-noticias-destacadas","marca-grupo-viamar"],"acf":[],"_links":{"self":[{"href":"https:\/\/grupoviamar.com\/\/noticias\/wp-json\/wp\/v2\/posts\/452","targetHints":{"allow":["GET"]}}],"collection":[{"href":"https:\/\/grupoviamar.com\/\/noticias\/wp-json\/wp\/v2\/posts"}],"about":[{"href":"https:\/\/grupoviamar.com\/\/noticias\/wp-json\/wp\/v2\/types\/post"}],"author":[{"embeddable":true,"href":"https:\/\/grupoviamar.com\/\/noticias\/wp-json\/wp\/v2\/users\/6"}],"replies":[{"embeddable":true,"href":"https:\/\/grupoviamar.com\/\/noticias\/wp-json\/wp\/v2\/comments?post=452"}],"version-history":[{"count":12,"href":"https:\/\/grupoviamar.com\/\/noticias\/wp-json\/wp\/v2\/posts\/452\/revisions"}],"predecessor-version":[{"id":473,"href":"https:\/\/grupoviamar.com\/\/noticias\/wp-json\/wp\/v2\/posts\/452\/revisions\/473"}],"wp:featuredmedia":[{"embeddable":true,"href":"https:\/\/grupoviamar.com\/\/noticias\/wp-json\/wp\/v2\/media\/455"}],"wp:attachment":[{"href":"https:\/\/grupoviamar.com\/\/noticias\/wp-json\/wp\/v2\/media?parent=452"}],"wp:term":[{"taxonomy":"category","embeddable":true,"href":"https:\/\/grupoviamar.com\/\/noticias\/wp-json\/wp\/v2\/categories?post=452"},{"taxonomy":"post_tag","embeddable":true,"href":"https:\/\/grupoviamar.com\/\/noticias\/wp-json\/wp\/v2\/tags?post=452"},{"taxonomy":"marca","embeddable":true,"href":"https:\/\/grupoviamar.com\/\/noticias\/wp-json\/wp\/v2\/marca?post=452"}],"curies":[{"name":"wp","href":"https:\/\/api.w.org\/{rel}","templated":true}]}}