{"id":226,"date":"2022-12-15T15:14:38","date_gmt":"2022-12-15T15:14:38","guid":{"rendered":"https:\/\/grupoviamar.com\/\/noticias\/?p=226"},"modified":"2022-12-20T18:32:27","modified_gmt":"2022-12-20T18:32:27","slug":"vegamovil-inaugura-el-showroom-de-vehiculos-mas-moderno-y-mas-grande-del-pais","status":"publish","type":"post","link":"https:\/\/grupoviamar.com\/\/noticias\/vegamovil-inaugura-el-showroom-de-vehiculos-mas-moderno-y-mas-grande-del-pais\/","title":{"rendered":"Vegamovil inaugura el showroom de veh\u00edculos m\u00e1s moderno y m\u00e1s grande del pa\u00eds"},"content":{"rendered":"\n<p>En una actividad desarrollada en las nuevas instalaciones de Vegamovil en La Vega, se dej\u00f3 inaugurado el pasado martes, el m\u00e1s moderno y m\u00e1s grande Showroom para la representaci\u00f3n de las marcas de un concesionario en el pa\u00eds.<\/p>\n\n\n\n<p>El director comercial de Vegamovil Eric Daneris: \u201cHoy con la inauguraci\u00f3n esta nueva sucursal enviamos un mensaje claro de la l\u00ednea corporativa y la estrategia comercial de nuestra empresa a corto y mediano plazo\u201d.<\/p>\n\n\n\n<figure class=\"wp-block-gallery has-nested-images columns-default is-cropped wp-block-gallery-1 is-layout-flex wp-block-gallery-is-layout-flex\">\n<figure class=\"wp-block-image size-large\"><img loading=\"lazy\" decoding=\"async\" width=\"1024\" height=\"699\" data-id=\"229\" src=\"https:\/\/grupoviamar.com\/\/noticias\/wp-content\/uploads\/2022\/12\/DSC09970-1-1024x699.jpg\" alt=\"\" class=\"wp-image-229\" srcset=\"https:\/\/grupoviamar.com\/\/noticias\/wp-content\/uploads\/2022\/12\/DSC09970-1-1024x699.jpg 1024w, https:\/\/grupoviamar.com\/\/noticias\/wp-content\/uploads\/2022\/12\/DSC09970-1-300x205.jpg 300w, https:\/\/grupoviamar.com\/\/noticias\/wp-content\/uploads\/2022\/12\/DSC09970-1-768x524.jpg 768w, https:\/\/grupoviamar.com\/\/noticias\/wp-content\/uploads\/2022\/12\/DSC09970-1-1536x1048.jpg 1536w, https:\/\/grupoviamar.com\/\/noticias\/wp-content\/uploads\/2022\/12\/DSC09970-1-2048x1398.jpg 2048w\" sizes=\"auto, (max-width: 1024px) 100vw, 1024px\" \/><\/figure>\n<\/figure>\n\n\n\n<p>En la actividad, el presidente del Grupo Viamar, Sr. Fernando Villanueva, destac\u00f3: \u201cEn esta alianza estrat\u00e9gica de parte del Grupo Viamar, con su amplia gama de marcas que cubren todas las necesidades del mercado de transporte, su presencia en todo el territorio nacional, su conocimiento del mercado y las tendencias, su visi\u00f3n estrat\u00e9gica, su posicionamiento en el mercado, el equipo humano que conforma la misma, la calidad de todo lo que hace, entre otras variables\".<br><br>Por su parte Vegamovil, cuya filosof\u00eda empresarial se define como \u201cEstamos comprometidos con la innovaci\u00f3n, la diferenciaci\u00f3n y la excelencia\u201d, muestra de esto es la visi\u00f3n que los caracteriza en cada una de las sucursales que apertura a nivel nacional, su sistema de organizaci\u00f3n, sus procesos orientados al cliente, su planificaci\u00f3n en todo lo que hacen, su enfoque al crecimiento continuo hacia los negocios, hacen de Vegamovil, el socio comercial que Grupo Viamar necesita para emprender este nuevo reto asegur\u00f3 Villanueva\u201d<\/p>\n\n\n\n<p>Por su parte el Sr. Edwin Beato, presidente de Vegamovil, dio a conocer sus palabras donde destac\u00f3 lo siguiente: \u201cEn m\u00e1s de 20 a\u00f1os de operaciones en Vegamovil nos hemos caracterizado por la pasi\u00f3n, el esmero y la dedicaci\u00f3n por deleitar a nuestros clientes a trav\u00e9s de la mejor experiencia a la hora de comprar un veh\u00edculo en el pa\u00eds\".<br>&nbsp;<br>El sentido innovador es parte de nuestro ADN, por esto, trabajamos siempre enfocados en facilitar e incrementar las opciones a nuestros clientes, para que puedan desarrollarse, movilizarse y disfrutar de la vida.<\/p>\n\n\n\n<p>Uno de nuestros objetivos es crearles experiencias que sean \u00fanicas, memorables y que cumplan con los m\u00e1s altos est\u00e1ndares.<br>&nbsp;<br>Como empresa innovadora hoy inauguramos este moderno y espacioso Showroom en la ciudad de La Vega, el cual se convierte en un paso trascendente para ampliar la oferta de valor que hoy les ofrecemos.<\/p>\n","protected":false},"excerpt":{"rendered":"<p>Apertura del nuevo Showroom de Vegamovil donde se lucen toda la gama de marcas y modelos de Grupo Viamar en la provincia de La Vega.<\/p>\n","protected":false},"author":6,"featured_media":227,"comment_status":"open","ping_status":"open","sticky":false,"template":"","format":"standard","meta":{"footnotes":""},"categories":[23,15,14],"tags":[],"marca":[24],"class_list":["post-226","post","type-post","status-publish","format-standard","has-post-thumbnail","hentry","category-grupo-viamar","category-noticias-destacadas","category-nuevos-lanzamientos","marca-grupo-viamar"],"acf":[],"_links":{"self":[{"href":"https:\/\/grupoviamar.com\/\/noticias\/wp-json\/wp\/v2\/posts\/226","targetHints":{"allow":["GET"]}}],"collection":[{"href":"https:\/\/grupoviamar.com\/\/noticias\/wp-json\/wp\/v2\/posts"}],"about":[{"href":"https:\/\/grupoviamar.com\/\/noticias\/wp-json\/wp\/v2\/types\/post"}],"author":[{"embeddable":true,"href":"https:\/\/grupoviamar.com\/\/noticias\/wp-json\/wp\/v2\/users\/6"}],"replies":[{"embeddable":true,"href":"https:\/\/grupoviamar.com\/\/noticias\/wp-json\/wp\/v2\/comments?post=226"}],"version-history":[{"count":6,"href":"https:\/\/grupoviamar.com\/\/noticias\/wp-json\/wp\/v2\/posts\/226\/revisions"}],"predecessor-version":[{"id":271,"href":"https:\/\/grupoviamar.com\/\/noticias\/wp-json\/wp\/v2\/posts\/226\/revisions\/271"}],"wp:featuredmedia":[{"embeddable":true,"href":"https:\/\/grupoviamar.com\/\/noticias\/wp-json\/wp\/v2\/media\/227"}],"wp:attachment":[{"href":"https:\/\/grupoviamar.com\/\/noticias\/wp-json\/wp\/v2\/media?parent=226"}],"wp:term":[{"taxonomy":"category","embeddable":true,"href":"https:\/\/grupoviamar.com\/\/noticias\/wp-json\/wp\/v2\/categories?post=226"},{"taxonomy":"post_tag","embeddable":true,"href":"https:\/\/grupoviamar.com\/\/noticias\/wp-json\/wp\/v2\/tags?post=226"},{"taxonomy":"marca","embeddable":true,"href":"https:\/\/grupoviamar.com\/\/noticias\/wp-json\/wp\/v2\/marca?post=226"}],"curies":[{"name":"wp","href":"https:\/\/api.w.org\/{rel}","templated":true}]}}